{"id":4664,"date":"2026-07-17T22:43:30","date_gmt":"2026-07-17T20:43:30","guid":{"rendered":"https:\/\/schneider-fotodesign.de\/?p=4664"},"modified":"2026-07-20T04:54:30","modified_gmt":"2026-07-20T02:54:30","slug":"stadt-angermuende","status":"publish","type":"post","link":"https:\/\/schneider-fotodesign.de\/?p=4664","title":{"rendered":"Stadt Angerm\u00fcnde"},"content":{"rendered":"<div class=\"wpb-content-wrapper\" id=\"wpb-content-root\"><p>[vc_row][vc_column][vc_column_text css=&#8220;.vc_custom_1784320987213{background-position: center !important;background-repeat: no-repeat !important;background-size: cover !important;}&#8220;]Angerm\u00fcnde ist eine Kleinstadt im Landkreis Uckermark im Land Brandenburg. Die Kernstadt Angerm\u00fcnde sowie die Ortsteile Wolletz und Altk\u00fcnkendorf sind staatlich anerkannte Erholungsorte.<\/p>\n<p><strong>Geografie<\/strong><br \/>\nAngerm\u00fcnde z\u00e4hlt mit rund 324 km\u00b2 zu den fl\u00e4chengr\u00f6\u00dften Gemeinden Deutschlands. Dies entspricht etwa der Gr\u00f6\u00dfe Bremens oder Dresdens.<\/p>\n<p><strong>Geografische Lage<\/strong><br \/>\nDie Stadt liegt etwa 80 km nord\u00f6stlich von Berlin, in der Uckermark zwischen Schorfheide-Chorin und Oder. Sie bildet den S\u00fcdosten des Landkreises Uckermark, grenzt im S\u00fcden an den Landkreis Barnim und im Osten, in der Gemarkung Stolpe fast an die Republik Polen.<\/p>\n<p><strong>Stadtgliederung<\/strong><br \/>\nNeben der Kernstadt besteht Angerm\u00fcnde aus 23 Ortsteilen. Bei den allermeisten handelt es sich um eingegliederte Gemeinden des ehemaligen Amts Angerm\u00fcnde-Land. Eine Besonderheit stellt Greiffenberg dar. Sie war eine der kleinsten St\u00e4dte Deutschlands und ist heute eine \u201eStadt in der Stadt\u201c.<\/p>\n<p>Quelle: <a href=\"https:\/\/de.wikipedia.org\/wiki\/Angerm%C3%BCnde\">Wikipedia<\/a>[\/vc_column_text][\/vc_column][\/vc_row][vc_row][vc_column]<style type=\"text\/css\">\n#foogallery-gallery-4666.fg-simple_portfolio { justify-content: center; --fg-gutter: 5px; }\n#foogallery-gallery-4666.fg-simple_portfolio .fg-item { flex-basis: 250px; }<\/style>\n\t\t\t<div class=\"foogallery foogallery-container foogallery-simple_portfolio foogallery-lightbox-foogallery fg-simple_portfolio fg-ready fg-dark fg-border-medium fg-loading-default fg-loaded-swing-down fg-caption-always fg-hover-slide-down fg-hover-plus3 fg-no-js fg-caption-always\" id=\"foogallery-gallery-4666\" data-foogallery=\"{&quot;panel&quot;:{&quot;buttons&quot;:{&quot;download&quot;:false}},&quot;item&quot;:{&quot;showCaptionTitle&quot;:true,&quot;showCaptionDescription&quot;:true},&quot;lazy&quot;:true,&quot;src&quot;:&quot;src&quot;,&quot;srcset&quot;:&quot;srcset&quot;}\" data-foogallery-lightbox=\"{&quot;thumbs&quot;:&quot;bottom&quot;,&quot;thumbsCaptions&quot;:false,&quot;thumbsBestFit&quot;:false,&quot;thumbsSmall&quot;:false,&quot;thumbsCaptionsAlign&quot;:&quot;default&quot;,&quot;info&quot;:&quot;bottom&quot;,&quot;infoVisible&quot;:true,&quot;infoOverlay&quot;:true,&quot;infoAlign&quot;:&quot;default&quot;,&quot;transition&quot;:&quot;fade&quot;,&quot;hoverButtons&quot;:false,&quot;fitMedia&quot;:false,&quot;noScrollbars&quot;:true,&quot;preserveButtonSpace&quot;:true,&quot;buttons&quot;:{&quot;fullscreen&quot;:true,&quot;info&quot;:true,&quot;thumbs&quot;:false,&quot;download&quot;:false},&quot;video&quot;:{&quot;autoPlay&quot;:true}}\" style=\"--fg-title-line-clamp: 2; --fg-description-line-clamp: 2;\" >\n\t<div class=\"fg-item fg-type-image fg-loading\"><figure class=\"fg-item-inner\"><a href=\"https:\/\/schneider-fotodesign.de\/wp-content\/uploads\/2026\/07\/DSC00409.jpg\" data-caption-title=\"Restauriertes Fachwerkhaus in der Rosenstra\u00dfe\" data-attachment-id=\"4667\" class=\"foogallery-thumb fg-thumb\" data-type=\"image\"><span class=\"fg-image-wrap\"><img src=\"https:\/\/schneider-fotodesign.de\/wp-content\/uploads\/cache\/2026\/07\/DSC00409\/675076858.jpg\" title=\"Restauriertes Fachwerkhaus in der Rosenstra\u00dfe\" class=\"bf-img skip-lazy no-lazy fg-image\" height=\"200\" width=\"250\" decoding=\"async\" loading=\"lazy\"><\/span><span class=\"fg-image-overlay\"><\/span><\/a><figcaption class=\"fg-caption\"><div class=\"fg-caption-inner\"><div class=\"fg-caption-title\">Restauriertes Fachwerkhaus in der Rosenstra\u00dfe<\/div><\/div><\/figcaption><\/figure><div class=\"fg-loader\"><\/div><\/div><div class=\"fg-item fg-type-image fg-loading\"><figure class=\"fg-item-inner\"><a href=\"https:\/\/schneider-fotodesign.de\/wp-content\/uploads\/2026\/07\/DSC00411.jpg\" data-caption-title=\"Ehemalige Ratswaage in Angerm\u00fcnde\" data-caption-desc=\"Das Geb\u00e4ude wurde 1752 errichtet, um die im Jahr 1714 in Brandenburg eingef\u00fchrten Ma\u00dfe und Gewichte, wie beispielsweise die Elle, aufzubewahren.\" data-attachment-id=\"4668\" class=\"foogallery-thumb fg-thumb\" data-type=\"image\"><span class=\"fg-image-wrap\"><img src=\"https:\/\/schneider-fotodesign.de\/wp-content\/uploads\/cache\/2026\/07\/DSC00411\/1588195044.jpg\" title=\"Ehemalige Ratswaage in Angerm\u00fcnde\" class=\"bf-img skip-lazy no-lazy fg-image\" height=\"200\" width=\"250\" decoding=\"async\" loading=\"lazy\"><\/span><span class=\"fg-image-overlay\"><\/span><\/a><figcaption class=\"fg-caption\"><div class=\"fg-caption-inner\"><div class=\"fg-caption-title\">Ehemalige Ratswaage in Angerm\u00fcnde<\/div><div class=\"fg-caption-desc\">Das Geb\u00e4ude wurde 1752 errichtet, um die im Jahr 1714 in Brandenburg eingef\u00fchrten Ma\u00dfe und Gewichte, wie beispielsweise die Elle, aufzubewahren.<\/div><\/div><\/figcaption><\/figure><div class=\"fg-loader\"><\/div><\/div><div class=\"fg-item fg-type-image fg-loading\"><figure class=\"fg-item-inner\"><a href=\"https:\/\/schneider-fotodesign.de\/wp-content\/uploads\/2026\/07\/DSC00423.jpg\" data-caption-title=\"Der Felsenstein\" data-caption-desc=\"Stadttorsilhouette aus Granit!\" data-attachment-id=\"4678\" class=\"foogallery-thumb fg-thumb\" data-type=\"image\"><span class=\"fg-image-wrap\"><img src=\"https:\/\/schneider-fotodesign.de\/wp-content\/uploads\/cache\/2026\/07\/DSC00423\/1002958079.jpg\" title=\"Der Felsenstein\" class=\"bf-img skip-lazy no-lazy fg-image\" height=\"200\" width=\"250\" decoding=\"async\" loading=\"lazy\"><\/span><span class=\"fg-image-overlay\"><\/span><\/a><figcaption class=\"fg-caption\"><div class=\"fg-caption-inner\"><div class=\"fg-caption-title\">Der Felsenstein<\/div><div class=\"fg-caption-desc\">Stadttorsilhouette aus Granit!<\/div><\/div><\/figcaption><\/figure><div class=\"fg-loader\"><\/div><\/div><div class=\"fg-item fg-type-image fg-loading\"><figure class=\"fg-item-inner\"><a href=\"https:\/\/schneider-fotodesign.de\/wp-content\/uploads\/2026\/07\/DSC00412.jpg\" data-caption-title=\"Sophies s\u00fc\u00dfes Eck\" data-caption-desc=\"Sophies s\u00fc\u00dfes Eck, Eiscafe in der ehemaligen Ratswaage\" data-attachment-id=\"4669\" class=\"foogallery-thumb fg-thumb\" data-type=\"image\"><span class=\"fg-image-wrap\"><img src=\"https:\/\/schneider-fotodesign.de\/wp-content\/uploads\/cache\/2026\/07\/DSC00412\/401416853.jpg\" title=\"Sophies s\u00fc\u00dfes Eck\" class=\"bf-img skip-lazy no-lazy fg-image\" height=\"200\" width=\"250\" decoding=\"async\" loading=\"lazy\"><\/span><span class=\"fg-image-overlay\"><\/span><\/a><figcaption class=\"fg-caption\"><div class=\"fg-caption-inner\"><div class=\"fg-caption-title\">Sophies s\u00fc\u00dfes Eck<\/div><div class=\"fg-caption-desc\">Sophies s\u00fc\u00dfes Eck, Eiscafe in der ehemaligen Ratswaage<\/div><\/div><\/figcaption><\/figure><div class=\"fg-loader\"><\/div><\/div><div class=\"fg-item fg-type-image fg-loading\"><figure class=\"fg-item-inner\"><a href=\"https:\/\/schneider-fotodesign.de\/wp-content\/uploads\/2026\/07\/DSC00413.jpg\" data-caption-title=\"Marktbrunnen am Rathaus\" data-caption-desc=\"Mehrteiliges Kunstwerk vom K\u00fcnstler C.Uhlig\" data-attachment-id=\"4670\" class=\"foogallery-thumb fg-thumb\" data-type=\"image\"><span class=\"fg-image-wrap\"><img src=\"https:\/\/schneider-fotodesign.de\/wp-content\/uploads\/cache\/2026\/07\/DSC00413\/2325844975.jpg\" title=\"Marktbrunnen am Rathaus\" class=\"bf-img skip-lazy no-lazy fg-image\" height=\"200\" width=\"250\" decoding=\"async\" loading=\"lazy\"><\/span><span class=\"fg-image-overlay\"><\/span><\/a><figcaption class=\"fg-caption\"><div class=\"fg-caption-inner\"><div class=\"fg-caption-title\">Marktbrunnen am Rathaus<\/div><div class=\"fg-caption-desc\">Mehrteiliges Kunstwerk vom K\u00fcnstler C.Uhlig<\/div><\/div><\/figcaption><\/figure><div class=\"fg-loader\"><\/div><\/div><div class=\"fg-item fg-type-image fg-loading\"><figure class=\"fg-item-inner\"><a href=\"https:\/\/schneider-fotodesign.de\/wp-content\/uploads\/2026\/07\/DSC00415.jpg\" data-caption-title=\"Denkmalgesch\u00fctztes Rathaus\" data-caption-desc=\"Sitz der Stadtverwaltung\" data-attachment-id=\"4672\" class=\"foogallery-thumb fg-thumb\" data-type=\"image\"><span class=\"fg-image-wrap\"><img src=\"https:\/\/schneider-fotodesign.de\/wp-content\/uploads\/cache\/2026\/07\/DSC00415\/405277453.jpg\" title=\"Denkmalgesch\u00fctztes Rathaus\" class=\"bf-img skip-lazy no-lazy fg-image\" height=\"200\" width=\"250\" decoding=\"async\" loading=\"lazy\"><\/span><span class=\"fg-image-overlay\"><\/span><\/a><figcaption class=\"fg-caption\"><div class=\"fg-caption-inner\"><div class=\"fg-caption-title\">Denkmalgesch\u00fctztes Rathaus<\/div><div class=\"fg-caption-desc\">Sitz der Stadtverwaltung<\/div><\/div><\/figcaption><\/figure><div class=\"fg-loader\"><\/div><\/div><div class=\"fg-item fg-type-image fg-loading\"><figure class=\"fg-item-inner\"><a href=\"https:\/\/schneider-fotodesign.de\/wp-content\/uploads\/2026\/07\/DSC00417.jpg\" data-caption-title=\"Restaurierter Marktplatz\" data-attachment-id=\"4673\" class=\"foogallery-thumb fg-thumb\" data-type=\"image\"><span class=\"fg-image-wrap\"><img src=\"https:\/\/schneider-fotodesign.de\/wp-content\/uploads\/cache\/2026\/07\/DSC00417\/2647050210.jpg\" title=\"Restaurierter Marktplatz\" class=\"bf-img skip-lazy no-lazy fg-image\" height=\"200\" width=\"250\" decoding=\"async\" loading=\"lazy\"><\/span><span class=\"fg-image-overlay\"><\/span><\/a><figcaption class=\"fg-caption\"><div class=\"fg-caption-inner\"><div class=\"fg-caption-title\">Restaurierter Marktplatz<\/div><\/div><\/figcaption><\/figure><div class=\"fg-loader\"><\/div><\/div><div class=\"fg-item fg-type-image fg-loading\"><figure class=\"fg-item-inner\"><a href=\"https:\/\/schneider-fotodesign.de\/wp-content\/uploads\/2026\/07\/DSC00418.jpg\" data-caption-title=\"Restauriertes Fachwerkensemble im Hohen Steinweg\" data-attachment-id=\"4674\" class=\"foogallery-thumb fg-thumb\" data-type=\"image\"><span class=\"fg-image-wrap\"><img src=\"https:\/\/schneider-fotodesign.de\/wp-content\/uploads\/cache\/2026\/07\/DSC00418\/2114366835.jpg\" title=\"Restauriertes Fachwerkensemble im Hohen Steinweg\" class=\"bf-img skip-lazy no-lazy fg-image\" height=\"200\" width=\"250\" decoding=\"async\" loading=\"lazy\"><\/span><span class=\"fg-image-overlay\"><\/span><\/a><figcaption class=\"fg-caption\"><div class=\"fg-caption-inner\"><div class=\"fg-caption-title\">Restauriertes Fachwerkensemble im Hohen Steinweg<\/div><\/div><\/figcaption><\/figure><div class=\"fg-loader\"><\/div><\/div><div class=\"fg-item fg-type-image fg-loading\"><figure class=\"fg-item-inner\"><a href=\"https:\/\/schneider-fotodesign.de\/wp-content\/uploads\/2026\/07\/DSC00419.jpg\" data-caption-title=\"Haus Uckermark\" data-caption-desc=\"Touristinfo und Heimatmuseum der Stadt Angerm\u00fcnde\" data-attachment-id=\"4675\" class=\"foogallery-thumb fg-thumb\" data-type=\"image\"><span class=\"fg-image-wrap\"><img src=\"https:\/\/schneider-fotodesign.de\/wp-content\/uploads\/cache\/2026\/07\/DSC00419\/1969710719.jpg\" title=\"Haus Uckermark\" class=\"bf-img skip-lazy no-lazy fg-image\" height=\"200\" width=\"250\" decoding=\"async\" loading=\"lazy\"><\/span><span class=\"fg-image-overlay\"><\/span><\/a><figcaption class=\"fg-caption\"><div class=\"fg-caption-inner\"><div class=\"fg-caption-title\">Haus Uckermark<\/div><div class=\"fg-caption-desc\">Touristinfo und Heimatmuseum der Stadt Angerm\u00fcnde<\/div><\/div><\/figcaption><\/figure><div class=\"fg-loader\"><\/div><\/div><div class=\"fg-item fg-type-image fg-loading\"><figure class=\"fg-item-inner\"><a href=\"https:\/\/schneider-fotodesign.de\/wp-content\/uploads\/2026\/07\/DSC00420.jpg\" data-caption-title=\"Blick auf die St.-Marien-Kirche\" data-attachment-id=\"4676\" class=\"foogallery-thumb fg-thumb\" data-type=\"image\"><span class=\"fg-image-wrap\"><img src=\"https:\/\/schneider-fotodesign.de\/wp-content\/uploads\/cache\/2026\/07\/DSC00420\/3230145382.jpg\" title=\"Blick auf die St.-Marien-Kirche\" class=\"bf-img skip-lazy no-lazy fg-image\" height=\"200\" width=\"250\" decoding=\"async\" loading=\"lazy\"><\/span><span class=\"fg-image-overlay\"><\/span><\/a><figcaption class=\"fg-caption\"><div class=\"fg-caption-inner\"><div class=\"fg-caption-title\">Blick auf die St.-Marien-Kirche<\/div><\/div><\/figcaption><\/figure><div class=\"fg-loader\"><\/div><\/div><div class=\"fg-item fg-type-image fg-loading\"><figure class=\"fg-item-inner\"><a href=\"https:\/\/schneider-fotodesign.de\/wp-content\/uploads\/2026\/07\/DSC00422.jpg\" data-caption-title=\"Restaurant &quot; Zum Hungerstein &quot;\" data-caption-desc=\"Im Hotel &quot; Am Seetor &quot; befindliches Restaurant\" data-attachment-id=\"4677\" class=\"foogallery-thumb fg-thumb\" data-type=\"image\"><span class=\"fg-image-wrap\"><img src=\"https:\/\/schneider-fotodesign.de\/wp-content\/uploads\/cache\/2026\/07\/DSC00422\/1164367753.jpg\" title=\"Restaurant &quot; Zum Hungerstein &quot;\" class=\"bf-img skip-lazy no-lazy fg-image\" height=\"200\" width=\"250\" decoding=\"async\" loading=\"lazy\"><\/span><span class=\"fg-image-overlay\"><\/span><\/a><figcaption class=\"fg-caption\"><div class=\"fg-caption-inner\"><div class=\"fg-caption-title\">Restaurant \" Zum Hungerstein \"<\/div><div class=\"fg-caption-desc\">Im Hotel \" Am Seetor \" befindliches Restaurant<\/div><\/div><\/figcaption><\/figure><div class=\"fg-loader\"><\/div><\/div><div class=\"fg-item fg-type-image fg-loading\"><figure class=\"fg-item-inner\"><a href=\"https:\/\/schneider-fotodesign.de\/wp-content\/uploads\/2026\/07\/DSC00425.jpg\" data-caption-title=\"Uferpromenade am M\u00fcndesee\" data-attachment-id=\"4679\" class=\"foogallery-thumb fg-thumb\" data-type=\"image\"><span class=\"fg-image-wrap\"><img src=\"https:\/\/schneider-fotodesign.de\/wp-content\/uploads\/cache\/2026\/07\/DSC00425\/979578602.jpg\" title=\"Uferpromenade am M\u00fcndesee\" class=\"bf-img skip-lazy no-lazy fg-image\" height=\"200\" width=\"250\" decoding=\"async\" loading=\"lazy\"><\/span><span class=\"fg-image-overlay\"><\/span><\/a><figcaption class=\"fg-caption\"><div class=\"fg-caption-inner\"><div class=\"fg-caption-title\">Uferpromenade am M\u00fcndesee<\/div><\/div><\/figcaption><\/figure><div class=\"fg-loader\"><\/div><\/div><div class=\"fg-item fg-type-image fg-loading\"><figure class=\"fg-item-inner\"><a href=\"https:\/\/schneider-fotodesign.de\/wp-content\/uploads\/2026\/07\/DSC00426.jpg\" data-caption-title=\"Am M\u00fcndesee\" data-attachment-id=\"4680\" class=\"foogallery-thumb fg-thumb\" data-type=\"image\"><span class=\"fg-image-wrap\"><img src=\"https:\/\/schneider-fotodesign.de\/wp-content\/uploads\/cache\/2026\/07\/DSC00426\/1437581375.jpg\" title=\"Am M\u00fcndesee\" class=\"bf-img skip-lazy no-lazy fg-image\" height=\"200\" width=\"250\" decoding=\"async\" loading=\"lazy\"><\/span><span class=\"fg-image-overlay\"><\/span><\/a><figcaption class=\"fg-caption\"><div class=\"fg-caption-inner\"><div class=\"fg-caption-title\">Am M\u00fcndesee<\/div><\/div><\/figcaption><\/figure><div class=\"fg-loader\"><\/div><\/div><div class=\"fg-item fg-type-image fg-loading\"><figure class=\"fg-item-inner\"><a href=\"https:\/\/schneider-fotodesign.de\/wp-content\/uploads\/2026\/07\/DSC00414.jpg\" data-caption-title=\"Marktplatz\" data-attachment-id=\"4671\" class=\"foogallery-thumb fg-thumb\" data-type=\"image\"><span class=\"fg-image-wrap\"><img src=\"https:\/\/schneider-fotodesign.de\/wp-content\/uploads\/cache\/2026\/07\/DSC00414\/1202671972.jpg\" title=\"Marktplatz\" class=\"bf-img skip-lazy no-lazy fg-image\" height=\"200\" width=\"250\" decoding=\"async\" loading=\"lazy\"><\/span><span class=\"fg-image-overlay\"><\/span><\/a><figcaption class=\"fg-caption\"><div class=\"fg-caption-inner\"><div class=\"fg-caption-title\">Marktplatz<\/div><\/div><\/figcaption><\/figure><div class=\"fg-loader\"><\/div><\/div><\/div>\n[\/vc_column][\/vc_row]<\/p>\n<\/div>","protected":false},"excerpt":{"rendered":"<p>[vc_row][vc_column][vc_column_text css=&#8220;.vc_custom_1784320987213{background-position: center !important;background-repeat: no-repeat !important;background-size: cover !important;}&#8220;]Angerm\u00fcnde ist eine Kleinstadt im Landkreis Uckermark im Land Brandenburg. Die Kernstadt Angerm\u00fcnde sowie die Ortsteile Wolletz und Altk\u00fcnkendorf sind staatlich anerkannte Erholungsorte. Geografie Angerm\u00fcnde z\u00e4hlt mit rund 324 km\u00b2 zu den fl\u00e4chengr\u00f6\u00dften Gemeinden Deutschlands. Dies entspricht etwa der Gr\u00f6\u00dfe Bremens oder Dresdens. Geografische Lage Die Stadt liegt etwa 80 km nord\u00f6stlich von Berlin, in der Uckermark zwischen Schorfheide-Chorin und Oder. Sie bildet den S\u00fcdosten des Landkreises Uckermark, grenzt im S\u00fcden an den Landkreis Barnim und im Osten, in der Gemarkung Stolpe fast an die Republik Polen. Stadtgliederung Neben der Kernstadt besteht Angerm\u00fcnde aus 23 Ortsteilen. Bei den allermeisten handelt es sich um eingegliederte Gemeinden des ehemaligen Amts Angerm\u00fcnde-Land. Eine Besonderheit stellt Greiffenberg dar. Sie war eine der kleinsten St\u00e4dte Deutschlands und ist heute eine \u201eStadt in der Stadt\u201c. Quelle: Wikipedia[\/vc_column_text][\/vc_column][\/vc_row][vc_row][vc_column][\/vc_column][\/vc_row]<\/p>\n","protected":false},"author":1,"featured_media":4667,"comment_status":"closed","ping_status":"closed","sticky":true,"template":"","format":"standard","meta":{"_monsterinsights_skip_tracking":false,"footnotes":""},"categories":[14,4],"tags":[],"class_list":["post-4664","post","type-post","status-publish","format-standard","has-post-thumbnail","hentry","category-architektur","category-fotografie"],"acf":[],"_links":{"self":[{"href":"https:\/\/schneider-fotodesign.de\/index.php?rest_route=\/wp\/v2\/posts\/4664","targetHints":{"allow":["GET"]}}],"collection":[{"href":"https:\/\/schneider-fotodesign.de\/index.php?rest_route=\/wp\/v2\/posts"}],"about":[{"href":"https:\/\/schneider-fotodesign.de\/index.php?rest_route=\/wp\/v2\/types\/post"}],"author":[{"embeddable":true,"href":"https:\/\/schneider-fotodesign.de\/index.php?rest_route=\/wp\/v2\/users\/1"}],"replies":[{"embeddable":true,"href":"https:\/\/schneider-fotodesign.de\/index.php?rest_route=%2Fwp%2Fv2%2Fcomments&post=4664"}],"version-history":[{"count":2,"href":"https:\/\/schneider-fotodesign.de\/index.php?rest_route=\/wp\/v2\/posts\/4664\/revisions"}],"predecessor-version":[{"id":4681,"href":"https:\/\/schneider-fotodesign.de\/index.php?rest_route=\/wp\/v2\/posts\/4664\/revisions\/4681"}],"wp:featuredmedia":[{"embeddable":true,"href":"https:\/\/schneider-fotodesign.de\/index.php?rest_route=\/wp\/v2\/media\/4667"}],"wp:attachment":[{"href":"https:\/\/schneider-fotodesign.de\/index.php?rest_route=%2Fwp%2Fv2%2Fmedia&parent=4664"}],"wp:term":[{"taxonomy":"category","embeddable":true,"href":"https:\/\/schneider-fotodesign.de\/index.php?rest_route=%2Fwp%2Fv2%2Fcategories&post=4664"},{"taxonomy":"post_tag","embeddable":true,"href":"https:\/\/schneider-fotodesign.de\/index.php?rest_route=%2Fwp%2Fv2%2Ftags&post=4664"}],"curies":[{"name":"wp","href":"https:\/\/api.w.org\/{rel}","templated":true}]}}